{"id":6722,"date":"2026-04-10T11:30:27","date_gmt":"2026-04-10T09:30:27","guid":{"rendered":"https:\/\/www.lesassembleurs.fr\/?p=6722"},"modified":"2026-04-10T11:35:39","modified_gmt":"2026-04-10T09:35:39","slug":"les-assembleurs-decline-une-cuisine-bistronomique-creative","status":"publish","type":"post","link":"https:\/\/www.lesassembleurs.fr\/en\/presse\/les-assembleurs-decline-une-cuisine-bistronomique-creative\/","title":{"rendered":"\u201c Les Assembleurs d\u00e9cline une cuisine bistronomique cr\u00e9ative&#8230; \u201c"},"content":{"rendered":"<div style=\"height:17px\" aria-hidden=\"true\" class=\"wp-block-spacer\"><\/div>\n\n\n\n<p class=\"wp-block-paragraph\"><strong>\u201c Les Assembleurs d\u00e9cline une cuisine bistronomique cr\u00e9ative \u00e0 travers des menus enti\u00e8rement renouvel\u00e9s chaque midi, toujours guid\u00e9s par l\u2019envie et la saison. On y d\u00e9couvre aussi une s\u00e9lection de vins \u00e0 la pression issue de leur propre production, pens\u00e9e pour accompagner les assiettes avec justesse. L\u2019ambiance conviviale donne envie de s\u2019attarder, que ce soit pour un repas \u00e0 plusieurs ou quelques tapas \u00e0 partager. Avec deux adresses, \u00e0 Pr\u00e9fecture dans le 3e et \u00e0 Garibaldi dans le 7e, l\u2019esprit reste le m\u00eame, simple et g\u00e9n\u00e9reux.\u201c<\/strong><\/p>\n\n\n\n<div style=\"height:30px\" aria-hidden=\"true\" class=\"wp-block-spacer\"><\/div>\n\n\n\n<div class=\"wp-block-buttons is-content-justification-center is-layout-flex wp-container-core-buttons-is-layout-3e41869c wp-block-buttons-is-layout-flex\">\n<div class=\"wp-block-button is-style-outline is-style-outline--1\"><a class=\"wp-block-button__link wp-element-button\" href=\"https:\/\/epicu.fr\/food\/les-assembleurs-prefecture-garibaldi\/\" target=\"_blank\" rel=\"noreferrer noopener\"><strong>LIRE L&rsquo;ARTICLE COMPLET<\/strong><\/a><\/div>\n<\/div>\n\n\n\n<div style=\"height:147px\" aria-hidden=\"true\" class=\"wp-block-spacer\"><\/div>","protected":false},"excerpt":{"rendered":"<p>D\u00e9couvrez l&rsquo;article du Bonbon sur l&rsquo;ouverture des Assembleurs Garibaldi<\/p>","protected":false},"author":3,"featured_media":6725,"comment_status":"open","ping_status":"open","sticky":false,"template":"","format":"standard","meta":{"footnotes":""},"categories":[18,19,15],"tags":[],"class_list":["post-6722","post","type-post","status-publish","format-standard","has-post-thumbnail","hentry","category-garibaldi","category-prefecture","category-presse"],"yoast_head":"<!-- This site is optimized with the Yoast SEO plugin v28.4 - https:\/\/yoast.com\/product\/yoast-seo-wordpress\/ -->\n<title>\u201c Les Assembleurs d\u00e9cline une cuisine bistronomique cr\u00e9ative... \u201c - Les Assembleurs - Restaurants<\/title>\n<meta name=\"robots\" content=\"index, follow, max-snippet:-1, max-image-preview:large, max-video-preview:-1\" \/>\n<link rel=\"canonical\" href=\"https:\/\/www.lesassembleurs.fr\/en\/presse\/les-assembleurs-decline-une-cuisine-bistronomique-creative\/\" \/>\n<meta property=\"og:locale\" content=\"en_US\" \/>\n<meta property=\"og:type\" content=\"article\" \/>\n<meta property=\"og:title\" content=\"\u201c Les Assembleurs d\u00e9cline une cuisine bistronomique cr\u00e9ative... \u201c - Les Assembleurs - Restaurants\" \/>\n<meta property=\"og:description\" content=\"D\u00e9couvrez l&#039;article du Bonbon sur l&#039;ouverture des Assembleurs Garibaldi\" \/>\n<meta property=\"og:url\" content=\"https:\/\/www.lesassembleurs.fr\/en\/presse\/les-assembleurs-decline-une-cuisine-bistronomique-creative\/\" \/>\n<meta property=\"og:site_name\" content=\"Les Assembleurs - Restaurants\" \/>\n<meta property=\"article:published_time\" content=\"2026-04-10T09:30:27+00:00\" \/>\n<meta property=\"article:modified_time\" content=\"2026-04-10T09:35:39+00:00\" \/>\n<meta property=\"og:image\" content=\"https:\/\/www.lesassembleurs.fr\/wp-content\/uploads\/2026\/04\/epicu-article-1024x576-2-1.jpg\" \/>\n\t<meta property=\"og:image:width\" content=\"1500\" \/>\n\t<meta property=\"og:image:height\" content=\"844\" \/>\n\t<meta property=\"og:image:type\" content=\"image\/jpeg\" \/>\n<meta name=\"author\" content=\"Communication Les Assembleurs\" \/>\n<meta name=\"twitter:card\" content=\"summary_large_image\" \/>\n<meta name=\"twitter:label1\" content=\"Written by\" \/>\n\t<meta name=\"twitter:data1\" content=\"Communication Les Assembleurs\" \/>\n\t<meta name=\"twitter:label2\" content=\"Est. reading time\" \/>\n\t<meta name=\"twitter:data2\" content=\"1 minute\" \/>\n<script type=\"application\/ld+json\" class=\"yoast-schema-graph\">{\"@context\":\"https:\\\/\\\/schema.org\",\"@graph\":[{\"@type\":\"Article\",\"@id\":\"https:\\\/\\\/www.lesassembleurs.fr\\\/presse\\\/les-assembleurs-decline-une-cuisine-bistronomique-creative\\\/#article\",\"isPartOf\":{\"@id\":\"https:\\\/\\\/www.lesassembleurs.fr\\\/presse\\\/les-assembleurs-decline-une-cuisine-bistronomique-creative\\\/\"},\"author\":{\"name\":\"Communication Les Assembleurs\",\"@id\":\"https:\\\/\\\/www.lesassembleurs.fr\\\/#\\\/schema\\\/person\\\/2247d644e89c809ee4eb5dc9fcb2180e\"},\"headline\":\"\u201c Les Assembleurs d\u00e9cline une cuisine bistronomique cr\u00e9ative&#8230; \u201c\",\"datePublished\":\"2026-04-10T09:30:27+00:00\",\"dateModified\":\"2026-04-10T09:35:39+00:00\",\"mainEntityOfPage\":{\"@id\":\"https:\\\/\\\/www.lesassembleurs.fr\\\/presse\\\/les-assembleurs-decline-une-cuisine-bistronomique-creative\\\/\"},\"wordCount\":108,\"commentCount\":20,\"publisher\":{\"@id\":\"https:\\\/\\\/www.lesassembleurs.fr\\\/#organization\"},\"image\":{\"@id\":\"https:\\\/\\\/www.lesassembleurs.fr\\\/presse\\\/les-assembleurs-decline-une-cuisine-bistronomique-creative\\\/#primaryimage\"},\"thumbnailUrl\":\"https:\\\/\\\/www.lesassembleurs.fr\\\/wp-content\\\/uploads\\\/2026\\\/04\\\/epicu-article-1024x576-2-1.jpg\",\"articleSection\":[\"Garibaldi\",\"Pr\u00e9fecture\",\"Presse\"],\"inLanguage\":\"en-US\",\"potentialAction\":[{\"@type\":\"CommentAction\",\"name\":\"Comment\",\"target\":[\"https:\\\/\\\/www.lesassembleurs.fr\\\/presse\\\/les-assembleurs-decline-une-cuisine-bistronomique-creative\\\/#respond\"]}]},{\"@type\":\"WebPage\",\"@id\":\"https:\\\/\\\/www.lesassembleurs.fr\\\/presse\\\/les-assembleurs-decline-une-cuisine-bistronomique-creative\\\/\",\"url\":\"https:\\\/\\\/www.lesassembleurs.fr\\\/presse\\\/les-assembleurs-decline-une-cuisine-bistronomique-creative\\\/\",\"name\":\"\u201c Les Assembleurs d\u00e9cline une cuisine bistronomique cr\u00e9ative... \u201c - Les Assembleurs - Restaurants\",\"isPartOf\":{\"@id\":\"https:\\\/\\\/www.lesassembleurs.fr\\\/#website\"},\"primaryImageOfPage\":{\"@id\":\"https:\\\/\\\/www.lesassembleurs.fr\\\/presse\\\/les-assembleurs-decline-une-cuisine-bistronomique-creative\\\/#primaryimage\"},\"image\":{\"@id\":\"https:\\\/\\\/www.lesassembleurs.fr\\\/presse\\\/les-assembleurs-decline-une-cuisine-bistronomique-creative\\\/#primaryimage\"},\"thumbnailUrl\":\"https:\\\/\\\/www.lesassembleurs.fr\\\/wp-content\\\/uploads\\\/2026\\\/04\\\/epicu-article-1024x576-2-1.jpg\",\"datePublished\":\"2026-04-10T09:30:27+00:00\",\"dateModified\":\"2026-04-10T09:35:39+00:00\",\"breadcrumb\":{\"@id\":\"https:\\\/\\\/www.lesassembleurs.fr\\\/presse\\\/les-assembleurs-decline-une-cuisine-bistronomique-creative\\\/#breadcrumb\"},\"inLanguage\":\"en-US\",\"potentialAction\":[{\"@type\":\"ReadAction\",\"target\":[\"https:\\\/\\\/www.lesassembleurs.fr\\\/presse\\\/les-assembleurs-decline-une-cuisine-bistronomique-creative\\\/\"]}]},{\"@type\":\"ImageObject\",\"inLanguage\":\"en-US\",\"@id\":\"https:\\\/\\\/www.lesassembleurs.fr\\\/presse\\\/les-assembleurs-decline-une-cuisine-bistronomique-creative\\\/#primaryimage\",\"url\":\"https:\\\/\\\/www.lesassembleurs.fr\\\/wp-content\\\/uploads\\\/2026\\\/04\\\/epicu-article-1024x576-2-1.jpg\",\"contentUrl\":\"https:\\\/\\\/www.lesassembleurs.fr\\\/wp-content\\\/uploads\\\/2026\\\/04\\\/epicu-article-1024x576-2-1.jpg\",\"width\":1500,\"height\":844},{\"@type\":\"BreadcrumbList\",\"@id\":\"https:\\\/\\\/www.lesassembleurs.fr\\\/presse\\\/les-assembleurs-decline-une-cuisine-bistronomique-creative\\\/#breadcrumb\",\"itemListElement\":[{\"@type\":\"ListItem\",\"position\":1,\"name\":\"Accueil\",\"item\":\"https:\\\/\\\/www.lesassembleurs.fr\\\/\"},{\"@type\":\"ListItem\",\"position\":2,\"name\":\"\u201c Les Assembleurs d\u00e9cline une cuisine bistronomique cr\u00e9ative&#8230; \u201c\"}]},{\"@type\":\"WebSite\",\"@id\":\"https:\\\/\\\/www.lesassembleurs.fr\\\/#website\",\"url\":\"https:\\\/\\\/www.lesassembleurs.fr\\\/\",\"name\":\"Les Assembleurs - Restaurants\",\"description\":\"Bars \u00e0 vin et restaurants \u00e0 Lyon : nos vins et une cuisine pr\u00e9par\u00e9e sur place avec des produits frais et de saison, \u00e0 Pr\u00e9fecture et Garibaldi.\",\"publisher\":{\"@id\":\"https:\\\/\\\/www.lesassembleurs.fr\\\/#organization\"},\"potentialAction\":[{\"@type\":\"SearchAction\",\"target\":{\"@type\":\"EntryPoint\",\"urlTemplate\":\"https:\\\/\\\/www.lesassembleurs.fr\\\/?s={search_term_string}\"},\"query-input\":{\"@type\":\"PropertyValueSpecification\",\"valueRequired\":true,\"valueName\":\"search_term_string\"}}],\"inLanguage\":\"en-US\"},{\"@type\":\"Organization\",\"@id\":\"https:\\\/\\\/www.lesassembleurs.fr\\\/#organization\",\"name\":\"Les Assembleurs - Restaurants\",\"url\":\"https:\\\/\\\/www.lesassembleurs.fr\\\/\",\"logo\":{\"@type\":\"ImageObject\",\"inLanguage\":\"en-US\",\"@id\":\"https:\\\/\\\/www.lesassembleurs.fr\\\/#\\\/schema\\\/logo\\\/image\\\/\",\"url\":\"https:\\\/\\\/www.lesassembleurs.fr\\\/wp-content\\\/uploads\\\/2024\\\/01\\\/logo-les-assembleurs-1.svg\",\"contentUrl\":\"https:\\\/\\\/www.lesassembleurs.fr\\\/wp-content\\\/uploads\\\/2024\\\/01\\\/logo-les-assembleurs-1.svg\",\"width\":130,\"height\":130,\"caption\":\"Les Assembleurs - Restaurants\"},\"image\":{\"@id\":\"https:\\\/\\\/www.lesassembleurs.fr\\\/#\\\/schema\\\/logo\\\/image\\\/\"}},{\"@type\":\"Person\",\"@id\":\"https:\\\/\\\/www.lesassembleurs.fr\\\/#\\\/schema\\\/person\\\/2247d644e89c809ee4eb5dc9fcb2180e\",\"name\":\"Communication Les Assembleurs\"}]}<\/script>\n<!-- \/ Yoast SEO plugin. -->","yoast_head_json":{"title":"\u201c Les Assembleurs d\u00e9cline une cuisine bistronomique cr\u00e9ative... \u201c - Les Assembleurs - Restaurants","robots":{"index":"index","follow":"follow","max-snippet":"max-snippet:-1","max-image-preview":"max-image-preview:large","max-video-preview":"max-video-preview:-1"},"canonical":"https:\/\/www.lesassembleurs.fr\/en\/presse\/les-assembleurs-decline-une-cuisine-bistronomique-creative\/","og_locale":"en_US","og_type":"article","og_title":"\u201c Les Assembleurs d\u00e9cline une cuisine bistronomique cr\u00e9ative... \u201c - Les Assembleurs - Restaurants","og_description":"D\u00e9couvrez l'article du Bonbon sur l'ouverture des Assembleurs Garibaldi","og_url":"https:\/\/www.lesassembleurs.fr\/en\/presse\/les-assembleurs-decline-une-cuisine-bistronomique-creative\/","og_site_name":"Les Assembleurs - Restaurants","article_published_time":"2026-04-10T09:30:27+00:00","article_modified_time":"2026-04-10T09:35:39+00:00","og_image":[{"width":1500,"height":844,"url":"https:\/\/www.lesassembleurs.fr\/wp-content\/uploads\/2026\/04\/epicu-article-1024x576-2-1.jpg","type":"image\/jpeg"}],"author":"Communication Les Assembleurs","twitter_card":"summary_large_image","twitter_misc":{"Written by":"Communication Les Assembleurs","Est. reading time":"1 minute"},"schema":{"@context":"https:\/\/schema.org","@graph":[{"@type":"Article","@id":"https:\/\/www.lesassembleurs.fr\/presse\/les-assembleurs-decline-une-cuisine-bistronomique-creative\/#article","isPartOf":{"@id":"https:\/\/www.lesassembleurs.fr\/presse\/les-assembleurs-decline-une-cuisine-bistronomique-creative\/"},"author":{"name":"Communication Les Assembleurs","@id":"https:\/\/www.lesassembleurs.fr\/#\/schema\/person\/2247d644e89c809ee4eb5dc9fcb2180e"},"headline":"\u201c Les Assembleurs d\u00e9cline une cuisine bistronomique cr\u00e9ative&#8230; \u201c","datePublished":"2026-04-10T09:30:27+00:00","dateModified":"2026-04-10T09:35:39+00:00","mainEntityOfPage":{"@id":"https:\/\/www.lesassembleurs.fr\/presse\/les-assembleurs-decline-une-cuisine-bistronomique-creative\/"},"wordCount":108,"commentCount":20,"publisher":{"@id":"https:\/\/www.lesassembleurs.fr\/#organization"},"image":{"@id":"https:\/\/www.lesassembleurs.fr\/presse\/les-assembleurs-decline-une-cuisine-bistronomique-creative\/#primaryimage"},"thumbnailUrl":"https:\/\/www.lesassembleurs.fr\/wp-content\/uploads\/2026\/04\/epicu-article-1024x576-2-1.jpg","articleSection":["Garibaldi","Pr\u00e9fecture","Presse"],"inLanguage":"en-US","potentialAction":[{"@type":"CommentAction","name":"Comment","target":["https:\/\/www.lesassembleurs.fr\/presse\/les-assembleurs-decline-une-cuisine-bistronomique-creative\/#respond"]}]},{"@type":"WebPage","@id":"https:\/\/www.lesassembleurs.fr\/presse\/les-assembleurs-decline-une-cuisine-bistronomique-creative\/","url":"https:\/\/www.lesassembleurs.fr\/presse\/les-assembleurs-decline-une-cuisine-bistronomique-creative\/","name":"\u201c Les Assembleurs d\u00e9cline une cuisine bistronomique cr\u00e9ative... \u201c - Les Assembleurs - Restaurants","isPartOf":{"@id":"https:\/\/www.lesassembleurs.fr\/#website"},"primaryImageOfPage":{"@id":"https:\/\/www.lesassembleurs.fr\/presse\/les-assembleurs-decline-une-cuisine-bistronomique-creative\/#primaryimage"},"image":{"@id":"https:\/\/www.lesassembleurs.fr\/presse\/les-assembleurs-decline-une-cuisine-bistronomique-creative\/#primaryimage"},"thumbnailUrl":"https:\/\/www.lesassembleurs.fr\/wp-content\/uploads\/2026\/04\/epicu-article-1024x576-2-1.jpg","datePublished":"2026-04-10T09:30:27+00:00","dateModified":"2026-04-10T09:35:39+00:00","breadcrumb":{"@id":"https:\/\/www.lesassembleurs.fr\/presse\/les-assembleurs-decline-une-cuisine-bistronomique-creative\/#breadcrumb"},"inLanguage":"en-US","potentialAction":[{"@type":"ReadAction","target":["https:\/\/www.lesassembleurs.fr\/presse\/les-assembleurs-decline-une-cuisine-bistronomique-creative\/"]}]},{"@type":"ImageObject","inLanguage":"en-US","@id":"https:\/\/www.lesassembleurs.fr\/presse\/les-assembleurs-decline-une-cuisine-bistronomique-creative\/#primaryimage","url":"https:\/\/www.lesassembleurs.fr\/wp-content\/uploads\/2026\/04\/epicu-article-1024x576-2-1.jpg","contentUrl":"https:\/\/www.lesassembleurs.fr\/wp-content\/uploads\/2026\/04\/epicu-article-1024x576-2-1.jpg","width":1500,"height":844},{"@type":"BreadcrumbList","@id":"https:\/\/www.lesassembleurs.fr\/presse\/les-assembleurs-decline-une-cuisine-bistronomique-creative\/#breadcrumb","itemListElement":[{"@type":"ListItem","position":1,"name":"Accueil","item":"https:\/\/www.lesassembleurs.fr\/"},{"@type":"ListItem","position":2,"name":"\u201c Les Assembleurs d\u00e9cline une cuisine bistronomique cr\u00e9ative&#8230; \u201c"}]},{"@type":"WebSite","@id":"https:\/\/www.lesassembleurs.fr\/#website","url":"https:\/\/www.lesassembleurs.fr\/","name":"Les Assembleurs - Restaurants","description":"Bars \u00e0 vin et restaurants \u00e0 Lyon : nos vins et une cuisine pr\u00e9par\u00e9e sur place avec des produits frais et de saison, \u00e0 Pr\u00e9fecture et Garibaldi.","publisher":{"@id":"https:\/\/www.lesassembleurs.fr\/#organization"},"potentialAction":[{"@type":"SearchAction","target":{"@type":"EntryPoint","urlTemplate":"https:\/\/www.lesassembleurs.fr\/?s={search_term_string}"},"query-input":{"@type":"PropertyValueSpecification","valueRequired":true,"valueName":"search_term_string"}}],"inLanguage":"en-US"},{"@type":"Organization","@id":"https:\/\/www.lesassembleurs.fr\/#organization","name":"Les Assembleurs - Restaurants","url":"https:\/\/www.lesassembleurs.fr\/","logo":{"@type":"ImageObject","inLanguage":"en-US","@id":"https:\/\/www.lesassembleurs.fr\/#\/schema\/logo\/image\/","url":"https:\/\/www.lesassembleurs.fr\/wp-content\/uploads\/2024\/01\/logo-les-assembleurs-1.svg","contentUrl":"https:\/\/www.lesassembleurs.fr\/wp-content\/uploads\/2024\/01\/logo-les-assembleurs-1.svg","width":130,"height":130,"caption":"Les Assembleurs - Restaurants"},"image":{"@id":"https:\/\/www.lesassembleurs.fr\/#\/schema\/logo\/image\/"}},{"@type":"Person","@id":"https:\/\/www.lesassembleurs.fr\/#\/schema\/person\/2247d644e89c809ee4eb5dc9fcb2180e","name":"Communication Les Assembleurs"}]}},"_links":{"self":[{"href":"https:\/\/www.lesassembleurs.fr\/en\/wp-json\/wp\/v2\/posts\/6722","targetHints":{"allow":["GET"]}}],"collection":[{"href":"https:\/\/www.lesassembleurs.fr\/en\/wp-json\/wp\/v2\/posts"}],"about":[{"href":"https:\/\/www.lesassembleurs.fr\/en\/wp-json\/wp\/v2\/types\/post"}],"author":[{"embeddable":true,"href":"https:\/\/www.lesassembleurs.fr\/en\/wp-json\/wp\/v2\/users\/3"}],"replies":[{"embeddable":true,"href":"https:\/\/www.lesassembleurs.fr\/en\/wp-json\/wp\/v2\/comments?post=6722"}],"version-history":[{"count":1,"href":"https:\/\/www.lesassembleurs.fr\/en\/wp-json\/wp\/v2\/posts\/6722\/revisions"}],"predecessor-version":[{"id":6724,"href":"https:\/\/www.lesassembleurs.fr\/en\/wp-json\/wp\/v2\/posts\/6722\/revisions\/6724"}],"wp:featuredmedia":[{"embeddable":true,"href":"https:\/\/www.lesassembleurs.fr\/en\/wp-json\/wp\/v2\/media\/6725"}],"wp:attachment":[{"href":"https:\/\/www.lesassembleurs.fr\/en\/wp-json\/wp\/v2\/media?parent=6722"}],"wp:term":[{"taxonomy":"category","embeddable":true,"href":"https:\/\/www.lesassembleurs.fr\/en\/wp-json\/wp\/v2\/categories?post=6722"},{"taxonomy":"post_tag","embeddable":true,"href":"https:\/\/www.lesassembleurs.fr\/en\/wp-json\/wp\/v2\/tags?post=6722"}],"curies":[{"name":"wp","href":"https:\/\/api.w.org\/{rel}","templated":true}]}}